{"id":4750,"date":"2020-07-17T12:11:30","date_gmt":"2020-07-17T10:11:30","guid":{"rendered":"https:\/\/awsolutions.fr\/blog\/?p=4750"},"modified":"2020-12-11T09:46:35","modified_gmt":"2020-12-11T08:46:35","slug":"11-le-critere-geographique-fait-a-nouveau-parler-de-lui-cette-fois-dans-une-proposition-de-loi","status":"publish","type":"post","link":"https:\/\/awsolutions.fr\/blog\/11-le-critere-geographique-fait-a-nouveau-parler-de-lui-cette-fois-dans-une-proposition-de-loi\/","title":{"rendered":"11 # Le crit\u00e8re g\u00e9ographique fait \u00e0 nouveau parler de lui, cette fois dans une proposition de loi !"},"content":{"rendered":"<div class=\"fusion-fullwidth fullwidth-box fusion-builder-row-1 fusion-flex-container nonhundred-percent-fullwidth non-hundred-percent-height-scrolling\" style=\"--awb-border-radius-top-left:0px;--awb-border-radius-top-right:0px;--awb-border-radius-bottom-right:0px;--awb-border-radius-bottom-left:0px;\" ><div class=\"fusion-builder-row fusion-row fusion-flex-align-items-flex-start\" style=\"max-width:1248px;margin-left: calc(-4% \/ 2 );margin-right: calc(-4% \/ 2 );\"><div class=\"fusion-layout-column fusion_builder_column fusion-builder-column-0 fusion_builder_column_4_5 4_5 fusion-flex-column\" style=\"--awb-bg-size:cover;--awb-width-large:80%;--awb-margin-top-large:0px;--awb-spacing-right-large:3.84%;--awb-margin-bottom-large:20px;--awb-spacing-left-large:2.4%;--awb-width-medium:80%;--awb-spacing-right-medium:3.84%;--awb-spacing-left-medium:2.4%;--awb-width-small:100%;--awb-spacing-right-small:1.92%;--awb-spacing-left-small:1.92%;\"><div class=\"fusion-column-wrapper fusion-column-has-shadow fusion-flex-justify-content-flex-start fusion-content-layout-column\"><div class=\"fusion-text fusion-text-1\"><p>Ils l\u2019envisageaient\u2026<\/p>\n<p>Le 17 juin 2020, le minist\u00e8re de l\u2019\u00e9conomie et des finances envisageait \u00ab une analyse juridique approfondie \u00bb sur le possible rel\u00e8vement du <a href=\"https:\/\/awsolutions.fr\/blog\/12-la-releve-pour-la-relance-publication-de-nouveaux-seuils-de-dispense-de-procedure\/\">seuil de dispense de proc\u00e9dure<\/a> fix\u00e9 \u00e0 40 000 euros, comme <b>mesure suppl\u00e9mentaire d\u2019assouplissement des r\u00e8gles de la commande publique<\/b>, dans un <b>contexte \u00e9conomique fragilis\u00e9 <\/b>par la crise sanitaire <span style=\"color: #479e9a;\">[1]<\/span>.<\/p>\n<p><i>La pr\u00e9f\u00e9rence locale, le crit\u00e8re de proximit\u00e9, le crit\u00e8re g\u00e9ographique\u2026 Autant d\u2019appellations pour d\u00e9signer la volont\u00e9 r\u00e9currente de favoriser le tissu \u00e9conomique local dans les march\u00e9s publics.<\/i><\/p>\n<p>C\u2019est une question qui revient presque tous les 6 mois ; quelle place pour la pr\u00e9f\u00e9rence locale dans les march\u00e9s publics ? En f\u00e9vrier dernier le gouvernement a d\u00e9j\u00e0 pu apporter une <a style=\"color: #ffa618;\" href=\"https:\/\/blog.achatsolutions.fr\/quelle-place-pour-la-preference-locale-dans-les-marches-publics\/\" target=\"_blank\" rel=\"noopener noreferrer\">r\u00e9ponse dans le cadre des questions\/r\u00e9ponses minist\u00e9rielles [1].<\/a> Et pour rappel la r\u00e9ponse formulait que les principes constitutionnels de la commande publique et<b> les principes de non-discrimination et de libert\u00e9 de circulation <\/b>des personnes \u00e9nonc\u00e9s dans les trait\u00e9s de l\u2019UE <b>font obstacle \u00e0 la prise en compte d\u2019un crit\u00e8re g\u00e9ographique dans l\u2019attribution des march\u00e9s publics.<\/b><\/p>\n<p>Cette fois, c\u2019est sous l\u2019\u00e9gide de la crise sanitaire qu\u2019une proposition de loi tente d\u2019inclure ce crit\u00e8re g\u00e9ographique dans la passation des march\u00e9s.<\/p>\n<p>Les auteurs de la proposition mettent en avant la n\u00e9cessaire relance \u00e9conomique et les difficult\u00e9s rencontr\u00e9es particuli\u00e8rement par les <a href=\"https:\/\/awsolutions.fr\/blog\/10-tpe-pme-et-acces-a-la-commande-publique-les-resultats-sont-en-ligne\/\">PME<\/a>. Les auteurs de la proposition de loi estiment qu\u2019 \u00ab il est donc utile de permettre, de mani\u00e8re temporaire et en r\u00e9action au biais concurrentiel introduit par la crise sanitaire, d\u2019inclure un crit\u00e8re g\u00e9ographique dans la passation par les autorit\u00e9s adjudicatrices des march\u00e9s publics \u00bb.<\/p>\n<p>Une proposition born\u00e9e dans le temps et dans l\u2019espace\u2026<\/p>\n<p>Les dispositions de la loi s\u2019appliqueraient pour les march\u00e9s conclus pendant la dur\u00e9e de l\u2019\u00e9tat d\u2019urgence sanitaire et<b> jusqu\u2019\u00e0 l\u2019expiration d\u2019une p\u00e9riode de 18 mois <\/b>\u00e0 compter de la fin de cet \u00e9tat d\u2019urgence, <b>ET, uniquement pour les march\u00e9s inf\u00e9rieurs aux seuils europ\u00e9ens.<\/b><\/p>\n<p><b style=\"color: #ffa618;\">1\u00e8re <span style=\"color: #ffa618;\">disposition <\/span>: <\/b>les acheteurs pourraient imposer qu\u2019une part minimale pouvant aller jusqu\u2019\u00e0 25% du nombre d\u2019heures n\u00e9cessaires \u00e0 l\u2019ex\u00e9cution du march\u00e9, soit <b>effectu\u00e9e par des personnels domicili\u00e9s \u00e0 proximit\u00e9 du lieu d\u2019ex\u00e9cution<\/b>, dans un p\u00e9rim\u00e8tre qu\u2019ils d\u00e9terminent.<\/p>\n<p>L\u2019expos\u00e9 des motifs pr\u00e9cise qu\u2019un tel dispositif existe d\u00e9j\u00e0 pour l\u2019outre-mer en vertu des <a style=\"color: #ffa618;\" href=\"https:\/\/www.legifrance.gouv.fr\/affichCode.do;jsessionid=AC878E04DC6DDA890CBAF2CB4699C899.tplgfr31s_1?idSectionTA=LEGISCTA000037704789&amp;cidTexte=LEGITEXT000037701019&amp;dateTexte=20190401\" target=\"_blank\" rel=\"noopener noreferrer\">articles L. 2691-1 et L. 2691-2 du code de la commande publique.<\/a> Ce dernier vise \u00e0 lutter contre le ch\u00f4mage des jeunes dans un environnement g\u00e9ographique clairement d\u00e9fini et sujet \u00e0 des contraintes sp\u00e9cifiques, sans que sa conformit\u00e9 aux normes constitutionnelles et conventionnelles n\u2019ait \u00e9t\u00e9 contest\u00e9e.<\/p>\n<p>Ainsi, la proposition de loi vise \u00e0 appliquer le m\u00eame raisonnement \u00e0 un p\u00e9rim\u00e8tre temporel clairement d\u00e9fini \u2013 l\u2019apr\u00e8s-crise de la covid \u2013 au regard des contraintes sp\u00e9cifiques auxquelles sont confront\u00e9s les circuits \u00e9conomiques locaux.<\/p>\n<p><b><span style=\"color: #ffa618;\">2\u00e8me disposition : <\/span><\/b>il est \u00e9galement envisag\u00e9 l\u2019<b>ajout d\u2019un crit\u00e8re de proximit\u00e9 g\u00e9ographique<\/b>. Pour cela les auteurs pr\u00e9cisent qu\u2019il s\u2019agirait d\u2019un \u00ab simple ajout au faisceau des crit\u00e8res possibles, sans exclusion de principe des entreprises non-locales \u00bb. Pour les auteurs de la proposition de loi cette mesure semble \u00ab opportune au moment o\u00f9 les conditions de mobilit\u00e9 des acteurs \u00e9conomiques restent incertaines, et o\u00f9 un imp\u00e9ratif de s\u00e9curit\u00e9 sanitaire incite toujours \u00e0 limiter les d\u00e9placements qui pourraient contribuer \u00e0 la circulation du virus \u00bb.<\/p>\n<p>Concernant les \u00e9tapes de la discussion, le texte a pour l\u2019instant simplement \u00e9t\u00e9 d\u00e9pos\u00e9 au S\u00e9nat le 3 juillet dernier. Travaux de commission, s\u00e9ance publique et 1\u00e8re lecture \u00e0 l\u2019Assembl\u00e9e Nationale sont encore \u00e0 venir.<\/p>\n<p>A la lecture de cette proposition de loi, ce que l\u2019on peut en dire\u2026<\/p>\n<p><b><i>Concernant la 1\u00e8re disposition<\/i>,<\/b> elle vise \u00e0 imposer non pas une entreprise locale, mais un minimum de personnes domicili\u00e9es \u00e0 proximit\u00e9 du lieu d\u2019ex\u00e9cution. On se positionnerait un peu dans l\u2019esprit d\u2019une clause d\u2019insertion\u2026 et si celle-ci est born\u00e9e dans le temps, pourquoi pas ?<\/p>\n<p><b><i>Concernant la 2\u00e8me disposition<\/i><\/b>, cela semble plus d\u00e9licat puisqu\u2019\u00e0 maintes reprises le crit\u00e8re g\u00e9ographique a \u00e9t\u00e9 retoqu\u00e9, jug\u00e9 non conforme aux principes d\u2019\u00e9galit\u00e9 et de libre circulation. Sachant qu\u2019il existe d\u2019autres m\u00e9canismes et crit\u00e8res pour favoriser le tissu local ; les approvisionnements directs, la rapidit\u00e9 de l\u2019intervention du prestataire\u2026<\/p>\n<p>Affaire \u00e0 suivre.<\/p>\n<p><u><b><a href=\"https:\/\/www.senat.fr\/leg\/ppl19-592.html\" target=\"_blank\" rel=\"noopener noreferrer\">Proposition de loi tendant \u00e0 adapter les r\u00e8gles de passation des march\u00e9s publics locaux aux cons\u00e9quences de la crise sanitaire <\/a><\/b><\/u><\/p>\n<p style=\"line-height: 16px; font-size: 15px;\" data-fusion-font=\"true\"><span style=\"color: #479e9a;\">[1]<\/span> Voir notre article du 16 mars 2020 \u00ab Quelle place pour la pr\u00e9f\u00e9rence locale ? \u00bb, QR, n\u00b024524 publi\u00e9e au JOAN du 25 f\u00e9vrier 2020, page 1485.<\/p>\n<p style=\"line-height: 16px; font-size: 15px;\" data-fusion-font=\"true\">\n<p style=\"line-height: 16px; font-size: 15px;\" data-fusion-font=\"true\">\n<p style=\"color: #ffa618;\"><a href=\"https:\/\/blog.achatsolutions.fr\/le-critere-geographique-fait-a-nouveau-parler-de-lui-cette-fois-dans-une-proposition-de-loi\/\"><u><span style=\"color: #ffa618;\">Plus d\u2019articles sur le Blog Ach@t Solutions\u2026<\/span><\/u><\/a><\/p>\n<\/div><\/div><\/div><div class=\"fusion-layout-column fusion_builder_column fusion-builder-column-1 fusion_builder_column_1_5 1_5 fusion-flex-column\" style=\"--awb-bg-size:cover;--awb-width-large:20%;--awb-margin-top-large:0px;--awb-spacing-right-large:9.6%;--awb-margin-bottom-large:20px;--awb-spacing-left-large:3.84%;--awb-width-medium:20%;--awb-spacing-right-medium:9.6%;--awb-spacing-left-medium:3.84%;--awb-width-small:100%;--awb-spacing-right-small:1.92%;--awb-spacing-left-small:1.92%;\"><div class=\"fusion-column-wrapper fusion-column-has-shadow fusion-flex-justify-content-flex-start fusion-content-layout-column\"><div class=\"fusion-widget-area awb-widget-area-element fusion-widget-area-1 fusion-content-widget-area\" style=\"--awb-title-size:28px;--awb-title-color:#212934;--awb-padding:0px 0px 0px 0px;\"><section id=\"search-2\" class=\"widget widget_search\">\t\t<form role=\"search\" class=\"searchform fusion-search-form  fusion-search-form-clean\" method=\"get\" action=\"https:\/\/awsolutions.fr\/blog\/\">\n\t\t\t<div class=\"fusion-search-form-content\">\n\n\t\t\t\t\n\t\t\t\t<div class=\"fusion-search-field search-field\">\n\t\t\t\t\t<label><span class=\"screen-reader-text\">Rechercher:<\/span>\n\t\t\t\t\t\t\t\t\t\t\t\t\t<input type=\"search\" value=\"\" name=\"s\" class=\"s\" placeholder=\"Rechercher...\" required aria-required=\"true\" aria-label=\"Rechercher...\"\/>\n\t\t\t\t\t\t\t\t\t\t\t<\/label>\n\t\t\t\t<\/div>\n\t\t\t\t<div class=\"fusion-search-button search-button\">\n\t\t\t\t\t<input type=\"submit\" class=\"fusion-search-submit searchsubmit\" aria-label=\"Recherche\" value=\"&#xf002;\" \/>\n\t\t\t\t\t\t\t\t\t<\/div>\n\n\t\t\t\t\n\t\t\t<\/div>\n\n\n\t\t\t\n\t\t<\/form>\n\t\t<\/section>\n\t\t<section id=\"recent-posts-2\" class=\"widget widget_recent_entries\">\n\t\t<div class=\"heading\"><h4 class=\"widget-title\">Articles r\u00e9cents<\/h4><\/div>\n\t\t<ul>\n\t\t\t\t\t\t\t\t\t\t\t<li>\n\t\t\t\t\t<a href=\"https:\/\/awsolutions.fr\/blog\/retour-sur-le-club-utilisateurs-aw-solutions-du-3-octobre\/\">Retour sur le Club Utilisateurs AW Solutions du 3 octobre<\/a>\n\t\t\t\t\t\t\t\t\t<\/li>\n\t\t\t\t\t\t\t\t\t\t\t<li>\n\t\t\t\t\t<a href=\"https:\/\/awsolutions.fr\/blog\/revue-de-presse\/\">Revue de presse<\/a>\n\t\t\t\t\t\t\t\t\t<\/li>\n\t\t\t\t\t\t\t\t\t\t\t<li>\n\t\t\t\t\t<a href=\"https:\/\/awsolutions.fr\/blog\/agenda-des-web-seminaires-2023\/\">AGENDA DES WEB S\u00c9MINAIRES 2023<\/a>\n\t\t\t\t\t\t\t\t\t<\/li>\n\t\t\t\t\t\t\t\t\t\t\t<li>\n\t\t\t\t\t<a href=\"https:\/\/awsolutions.fr\/blog\/agenda-des-web-seminaires\/\">AGENDA DES WEB S\u00c9MINAIRES<\/a>\n\t\t\t\t\t\t\t\t\t<\/li>\n\t\t\t\t\t\t\t\t\t\t\t<li>\n\t\t\t\t\t<a href=\"https:\/\/awsolutions.fr\/blog\/aw-solutions-evolution-de-lespace-fournisseurs-vers-un-portail-unique\/\">Un portail unique pour les \u00e9changes d\u00e9mat\u00e9rialis\u00e9s entre acheteurs et entreprises<\/a>\n\t\t\t\t\t\t\t\t\t<\/li>\n\t\t\t\t\t<\/ul>\n\n\t\t<\/section><section id=\"recent-comments-2\" class=\"widget widget_recent_comments\"><div class=\"heading\"><h4 class=\"widget-title\">Commentaires r\u00e9cents<\/h4><\/div><ul id=\"recentcomments\"><\/ul><\/section><section id=\"tag_cloud-2\" class=\"widget widget_tag_cloud\" style=\"border-style: solid;border-color:transparent;border-width:0px;\"><div class=\"heading\"><h4 class=\"widget-title\">\u00c9tiquettes<\/h4><\/div><div class=\"tagcloud\"><a href=\"https:\/\/awsolutions.fr\/blog\/tag\/achats-responsables\/\" class=\"tag-cloud-link tag-link-103 tag-link-position-1\" aria-label=\"Achats responsables (1 \u00e9l\u00e9ment)\">Achats responsables<\/a>\n<a href=\"https:\/\/awsolutions.fr\/blog\/tag\/acheteur-3-0\/\" class=\"tag-cloud-link tag-link-43 tag-link-position-2\" aria-label=\"Acheteur 3.0 (1 \u00e9l\u00e9ment)\">Acheteur 3.0<\/a>\n<a href=\"https:\/\/awsolutions.fr\/blog\/tag\/actu\/\" class=\"tag-cloud-link tag-link-86 tag-link-position-3\" aria-label=\"actu (4 \u00e9l\u00e9ments)\">actu<\/a>\n<a href=\"https:\/\/awsolutions.fr\/blog\/tag\/agenda\/\" class=\"tag-cloud-link tag-link-83 tag-link-position-4\" aria-label=\"agenda (2 \u00e9l\u00e9ments)\">agenda<\/a>\n<a href=\"https:\/\/awsolutions.fr\/blog\/tag\/appel-doffre\/\" class=\"tag-cloud-link tag-link-121 tag-link-position-5\" aria-label=\"Appel d&#039;offre (1 \u00e9l\u00e9ment)\">Appel d&#039;offre<\/a>\n<a href=\"https:\/\/awsolutions.fr\/blog\/tag\/asap\/\" class=\"tag-cloud-link tag-link-93 tag-link-position-6\" aria-label=\"ASAP (1 \u00e9l\u00e9ment)\">ASAP<\/a>\n<a href=\"https:\/\/awsolutions.fr\/blog\/tag\/avance\/\" class=\"tag-cloud-link tag-link-91 tag-link-position-7\" aria-label=\"avance (1 \u00e9l\u00e9ment)\">avance<\/a>\n<a href=\"https:\/\/awsolutions.fr\/blog\/tag\/bercy\/\" class=\"tag-cloud-link tag-link-94 tag-link-position-8\" aria-label=\"Bercy (1 \u00e9l\u00e9ment)\">Bercy<\/a>\n<a href=\"https:\/\/awsolutions.fr\/blog\/tag\/benefice\/\" class=\"tag-cloud-link tag-link-36 tag-link-position-9\" aria-label=\"B\u00e9n\u00e9fice (2 \u00e9l\u00e9ments)\">B\u00e9n\u00e9fice<\/a>\n<a href=\"https:\/\/awsolutions.fr\/blog\/tag\/cartographie-achat\/\" class=\"tag-cloud-link tag-link-34 tag-link-position-10\" aria-label=\"Cartographie achat (1 \u00e9l\u00e9ment)\">Cartographie achat<\/a>\n<a href=\"https:\/\/awsolutions.fr\/blog\/tag\/cost-killer\/\" class=\"tag-cloud-link tag-link-44 tag-link-position-11\" aria-label=\"Cost killer (1 \u00e9l\u00e9ment)\">Cost killer<\/a>\n<a href=\"https:\/\/awsolutions.fr\/blog\/tag\/crise-sanitaire\/\" class=\"tag-cloud-link tag-link-79 tag-link-position-12\" aria-label=\"crise sanitaire (3 \u00e9l\u00e9ments)\">crise sanitaire<\/a>\n<a href=\"https:\/\/awsolutions.fr\/blog\/tag\/critere-rse\/\" class=\"tag-cloud-link tag-link-39 tag-link-position-13\" aria-label=\"Crit\u00e8re RSE (2 \u00e9l\u00e9ments)\">Crit\u00e8re RSE<\/a>\n<a href=\"https:\/\/awsolutions.fr\/blog\/tag\/dual-sourcing\/\" class=\"tag-cloud-link tag-link-45 tag-link-position-14\" aria-label=\"Dual Sourcing (1 \u00e9l\u00e9ment)\">Dual Sourcing<\/a>\n<a href=\"https:\/\/awsolutions.fr\/blog\/tag\/developpement\/\" class=\"tag-cloud-link tag-link-90 tag-link-position-15\" aria-label=\"D\u00e9veloppement (1 \u00e9l\u00e9ment)\">D\u00e9veloppement<\/a>\n<a href=\"https:\/\/awsolutions.fr\/blog\/tag\/formation\/\" class=\"tag-cloud-link tag-link-104 tag-link-position-16\" aria-label=\"Formation (1 \u00e9l\u00e9ment)\">Formation<\/a>\n<a href=\"https:\/\/awsolutions.fr\/blog\/tag\/gain-achat\/\" class=\"tag-cloud-link tag-link-37 tag-link-position-17\" aria-label=\"Gain achat (2 \u00e9l\u00e9ments)\">Gain achat<\/a>\n<a href=\"https:\/\/awsolutions.fr\/blog\/tag\/generation-y\/\" class=\"tag-cloud-link tag-link-42 tag-link-position-18\" aria-label=\"G\u00e9n\u00e9ration Y (1 \u00e9l\u00e9ment)\">G\u00e9n\u00e9ration Y<\/a>\n<a href=\"https:\/\/awsolutions.fr\/blog\/tag\/innovation\/\" class=\"tag-cloud-link tag-link-89 tag-link-position-19\" aria-label=\"Innovation (1 \u00e9l\u00e9ment)\">Innovation<\/a>\n<a href=\"https:\/\/awsolutions.fr\/blog\/tag\/intelligence-artificielle\/\" class=\"tag-cloud-link tag-link-51 tag-link-position-20\" aria-label=\"Intelligence Artificielle (2 \u00e9l\u00e9ments)\">Intelligence Artificielle<\/a>\n<a href=\"https:\/\/awsolutions.fr\/blog\/tag\/interet-general\/\" class=\"tag-cloud-link tag-link-95 tag-link-position-21\" aria-label=\"Int\u00e9r\u00eat g\u00e9n\u00e9ral (1 \u00e9l\u00e9ment)\">Int\u00e9r\u00eat g\u00e9n\u00e9ral<\/a>\n<a href=\"https:\/\/awsolutions.fr\/blog\/tag\/made-in-france\/\" class=\"tag-cloud-link tag-link-41 tag-link-position-22\" aria-label=\"Made in France (1 \u00e9l\u00e9ment)\">Made in France<\/a>\n<a href=\"https:\/\/awsolutions.fr\/blog\/tag\/marche-captif\/\" class=\"tag-cloud-link tag-link-46 tag-link-position-23\" aria-label=\"March\u00e9 captif (1 \u00e9l\u00e9ment)\">March\u00e9 captif<\/a>\n<a href=\"https:\/\/awsolutions.fr\/blog\/tag\/monopole\/\" class=\"tag-cloud-link tag-link-47 tag-link-position-24\" aria-label=\"Monopole (1 \u00e9l\u00e9ment)\">Monopole<\/a>\n<a href=\"https:\/\/awsolutions.fr\/blog\/tag\/nouveaux-usages\/\" class=\"tag-cloud-link tag-link-106 tag-link-position-25\" aria-label=\"nouveaux usages (1 \u00e9l\u00e9ment)\">nouveaux usages<\/a>\n<a href=\"https:\/\/awsolutions.fr\/blog\/tag\/negociation\/\" class=\"tag-cloud-link tag-link-28 tag-link-position-26\" aria-label=\"N\u00e9gociation (2 \u00e9l\u00e9ments)\">N\u00e9gociation<\/a>\n<a href=\"https:\/\/awsolutions.fr\/blog\/tag\/objectif\/\" class=\"tag-cloud-link tag-link-31 tag-link-position-27\" aria-label=\"Objectif (2 \u00e9l\u00e9ments)\">Objectif<\/a>\n<a href=\"https:\/\/awsolutions.fr\/blog\/tag\/partenariat\/\" class=\"tag-cloud-link tag-link-101 tag-link-position-28\" aria-label=\"Partenariat (1 \u00e9l\u00e9ment)\">Partenariat<\/a>\n<a href=\"https:\/\/awsolutions.fr\/blog\/tag\/portail\/\" class=\"tag-cloud-link tag-link-120 tag-link-position-29\" aria-label=\"Portail (1 \u00e9l\u00e9ment)\">Portail<\/a>\n<a href=\"https:\/\/awsolutions.fr\/blog\/tag\/projet-de-loi\/\" class=\"tag-cloud-link tag-link-97 tag-link-position-30\" aria-label=\"Projet de loi (1 \u00e9l\u00e9ment)\">Projet de loi<\/a>\n<a href=\"https:\/\/awsolutions.fr\/blog\/tag\/rencontre-fournisseur\/\" class=\"tag-cloud-link tag-link-35 tag-link-position-31\" aria-label=\"Rencontre fournisseur (1 \u00e9l\u00e9ment)\">Rencontre fournisseur<\/a>\n<a href=\"https:\/\/awsolutions.fr\/blog\/tag\/reseau-gesat\/\" class=\"tag-cloud-link tag-link-102 tag-link-position-32\" aria-label=\"R\u00e9seau Gesat (1 \u00e9l\u00e9ment)\">R\u00e9seau Gesat<\/a>\n<a href=\"https:\/\/awsolutions.fr\/blog\/tag\/seuil\/\" class=\"tag-cloud-link tag-link-80 tag-link-position-33\" aria-label=\"seuil (2 \u00e9l\u00e9ments)\">seuil<\/a>\n<a href=\"https:\/\/awsolutions.fr\/blog\/tag\/simplification\/\" class=\"tag-cloud-link tag-link-96 tag-link-position-34\" aria-label=\"Simplification (1 \u00e9l\u00e9ment)\">Simplification<\/a>\n<a href=\"https:\/\/awsolutions.fr\/blog\/tag\/sourcing\/\" class=\"tag-cloud-link tag-link-33 tag-link-position-35\" aria-label=\"Sourcing (9 \u00e9l\u00e9ments)\">Sourcing<\/a>\n<a href=\"https:\/\/awsolutions.fr\/blog\/tag\/strategie-achat\/\" class=\"tag-cloud-link tag-link-32 tag-link-position-36\" aria-label=\"Strat\u00e9gie achat (4 \u00e9l\u00e9ments)\">Strat\u00e9gie achat<\/a>\n<a href=\"https:\/\/awsolutions.fr\/blog\/tag\/tendances-achat\/\" class=\"tag-cloud-link tag-link-40 tag-link-position-37\" aria-label=\"Tendances Achat (2 \u00e9l\u00e9ments)\">Tendances Achat<\/a>\n<a href=\"https:\/\/awsolutions.fr\/blog\/tag\/tresorerie\/\" class=\"tag-cloud-link tag-link-92 tag-link-position-38\" aria-label=\"tr\u00e9sorerie (1 \u00e9l\u00e9ment)\">tr\u00e9sorerie<\/a>\n<a href=\"https:\/\/awsolutions.fr\/blog\/tag\/veille\/\" class=\"tag-cloud-link tag-link-123 tag-link-position-39\" aria-label=\"Veille (1 \u00e9l\u00e9ment)\">Veille<\/a>\n<a href=\"https:\/\/awsolutions.fr\/blog\/tag\/visibilite\/\" class=\"tag-cloud-link tag-link-38 tag-link-position-40\" aria-label=\"Visibilit\u00e9 (1 \u00e9l\u00e9ment)\">Visibilit\u00e9<\/a>\n<a href=\"https:\/\/awsolutions.fr\/blog\/tag\/vote-electronique\/\" class=\"tag-cloud-link tag-link-105 tag-link-position-41\" aria-label=\"vote \u00e9lectronique (1 \u00e9l\u00e9ment)\">vote \u00e9lectronique<\/a>\n<a href=\"https:\/\/awsolutions.fr\/blog\/tag\/webinar\/\" class=\"tag-cloud-link tag-link-85 tag-link-position-42\" aria-label=\"webinar (2 \u00e9l\u00e9ments)\">webinar<\/a>\n<a href=\"https:\/\/awsolutions.fr\/blog\/tag\/web-seminaire\/\" class=\"tag-cloud-link tag-link-84 tag-link-position-43\" aria-label=\"web s\u00e9minaire (2 \u00e9l\u00e9ments)\">web s\u00e9minaire<\/a>\n<a href=\"https:\/\/awsolutions.fr\/blog\/tag\/echanges-dematerialises\/\" class=\"tag-cloud-link tag-link-122 tag-link-position-44\" aria-label=\"\u00c9changes d\u00e9mat\u00e9rialis\u00e9s (1 \u00e9l\u00e9ment)\">\u00c9changes d\u00e9mat\u00e9rialis\u00e9s<\/a>\n<a href=\"https:\/\/awsolutions.fr\/blog\/tag\/elections\/\" class=\"tag-cloud-link tag-link-107 tag-link-position-45\" aria-label=\"\u00e9lections (1 \u00e9l\u00e9ment)\">\u00e9lections<\/a><\/div>\n<\/section><div class=\"fusion-additional-widget-content\"><\/div><\/div><\/div><\/div><\/div><\/div>\n","protected":false},"excerpt":{"rendered":"","protected":false},"author":1,"featured_media":4754,"comment_status":"open","ping_status":"open","sticky":false,"template":"","format":"standard","meta":{"footnotes":""},"categories":[1],"tags":[79,81,82],"class_list":["post-4750","post","type-post","status-publish","format-standard","has-post-thumbnail","hentry","category-non-classe","tag-crise-sanitaire","tag-critere-geographique","tag-preference-locale"],"yoast_head":"<!-- This site is optimized with the Yoast SEO plugin v20.1 - https:\/\/yoast.com\/wordpress\/plugins\/seo\/ -->\n<title>11 # Le crit\u00e8re g\u00e9ographique fait \u00e0 nouveau parler de lui, cette fois dans une proposition de loi ! - AWSolutions<\/title>\n<meta name=\"robots\" content=\"index, follow, max-snippet:-1, max-image-preview:large, max-video-preview:-1\" \/>\n<link rel=\"canonical\" href=\"https:\/\/awsolutions.fr\/blog\/11-le-critere-geographique-fait-a-nouveau-parler-de-lui-cette-fois-dans-une-proposition-de-loi\/\" \/>\n<meta property=\"og:locale\" content=\"fr_FR\" \/>\n<meta property=\"og:type\" content=\"article\" \/>\n<meta property=\"og:title\" content=\"11 # Le crit\u00e8re g\u00e9ographique fait \u00e0 nouveau parler de lui, cette fois dans une proposition de loi ! - AWSolutions\" \/>\n<meta property=\"og:url\" content=\"https:\/\/awsolutions.fr\/blog\/11-le-critere-geographique-fait-a-nouveau-parler-de-lui-cette-fois-dans-une-proposition-de-loi\/\" \/>\n<meta property=\"og:site_name\" content=\"AWSolutions\" \/>\n<meta property=\"article:published_time\" content=\"2020-07-17T10:11:30+00:00\" \/>\n<meta property=\"article:modified_time\" content=\"2020-12-11T08:46:35+00:00\" \/>\n<meta property=\"og:image\" content=\"https:\/\/awsolutions.fr\/blog\/wp-content\/uploads\/2020\/09\/critere-geographique.jpg\" \/>\n\t<meta property=\"og:image:width\" content=\"663\" \/>\n\t<meta property=\"og:image:height\" content=\"328\" \/>\n\t<meta property=\"og:image:type\" content=\"image\/jpeg\" \/>\n<meta name=\"author\" content=\"S\u00e9l\u00e9n\u00e9e\" \/>\n<meta name=\"twitter:card\" content=\"summary_large_image\" \/>\n<meta name=\"twitter:label1\" content=\"\u00c9crit par\" \/>\n\t<meta name=\"twitter:data1\" content=\"S\u00e9l\u00e9n\u00e9e\" \/>\n\t<meta name=\"twitter:label2\" content=\"Dur\u00e9e de lecture estim\u00e9e\" \/>\n\t<meta name=\"twitter:data2\" content=\"6 minutes\" \/>\n<script type=\"application\/ld+json\" class=\"yoast-schema-graph\">{\"@context\":\"https:\/\/schema.org\",\"@graph\":[{\"@type\":\"WebPage\",\"@id\":\"https:\/\/awsolutions.fr\/blog\/11-le-critere-geographique-fait-a-nouveau-parler-de-lui-cette-fois-dans-une-proposition-de-loi\/\",\"url\":\"https:\/\/awsolutions.fr\/blog\/11-le-critere-geographique-fait-a-nouveau-parler-de-lui-cette-fois-dans-une-proposition-de-loi\/\",\"name\":\"11 # Le crit\u00e8re g\u00e9ographique fait \u00e0 nouveau parler de lui, cette fois dans une proposition de loi ! - AWSolutions\",\"isPartOf\":{\"@id\":\"https:\/\/awsolutions.fr\/blog\/#website\"},\"datePublished\":\"2020-07-17T10:11:30+00:00\",\"dateModified\":\"2020-12-11T08:46:35+00:00\",\"author\":{\"@id\":\"https:\/\/awsolutions.fr\/blog\/#\/schema\/person\/15982303183522db922f1c590d0238b9\"},\"breadcrumb\":{\"@id\":\"https:\/\/awsolutions.fr\/blog\/11-le-critere-geographique-fait-a-nouveau-parler-de-lui-cette-fois-dans-une-proposition-de-loi\/#breadcrumb\"},\"inLanguage\":\"fr-FR\",\"potentialAction\":[{\"@type\":\"ReadAction\",\"target\":[\"https:\/\/awsolutions.fr\/blog\/11-le-critere-geographique-fait-a-nouveau-parler-de-lui-cette-fois-dans-une-proposition-de-loi\/\"]}]},{\"@type\":\"BreadcrumbList\",\"@id\":\"https:\/\/awsolutions.fr\/blog\/11-le-critere-geographique-fait-a-nouveau-parler-de-lui-cette-fois-dans-une-proposition-de-loi\/#breadcrumb\",\"itemListElement\":[{\"@type\":\"ListItem\",\"position\":1,\"name\":\"Accueil\",\"item\":\"https:\/\/awsolutions.fr\/blog\/\"},{\"@type\":\"ListItem\",\"position\":2,\"name\":\"11 # Le crit\u00e8re g\u00e9ographique fait \u00e0 nouveau parler de lui, cette fois dans une proposition de loi !\"}]},{\"@type\":\"WebSite\",\"@id\":\"https:\/\/awsolutions.fr\/blog\/#website\",\"url\":\"https:\/\/awsolutions.fr\/blog\/\",\"name\":\"AWSolutions\",\"description\":\"\",\"potentialAction\":[{\"@type\":\"SearchAction\",\"target\":{\"@type\":\"EntryPoint\",\"urlTemplate\":\"https:\/\/awsolutions.fr\/blog\/?s={search_term_string}\"},\"query-input\":\"required name=search_term_string\"}],\"inLanguage\":\"fr-FR\"},{\"@type\":\"Person\",\"@id\":\"https:\/\/awsolutions.fr\/blog\/#\/schema\/person\/15982303183522db922f1c590d0238b9\",\"name\":\"S\u00e9l\u00e9n\u00e9e\",\"image\":{\"@type\":\"ImageObject\",\"inLanguage\":\"fr-FR\",\"@id\":\"https:\/\/awsolutions.fr\/blog\/#\/schema\/person\/image\/\",\"url\":\"https:\/\/secure.gravatar.com\/avatar\/a529b3c3bed2c3695aa26d04e18f6a7f8569fcdffeaca4f3ba07f33d41847e23?s=96&d=mm&r=g\",\"contentUrl\":\"https:\/\/secure.gravatar.com\/avatar\/a529b3c3bed2c3695aa26d04e18f6a7f8569fcdffeaca4f3ba07f33d41847e23?s=96&d=mm&r=g\",\"caption\":\"S\u00e9l\u00e9n\u00e9e\"},\"url\":\"https:\/\/awsolutions.fr\/blog\/author\/selenee_admin_production\/\"}]}<\/script>\n<!-- \/ Yoast SEO plugin. -->","yoast_head_json":{"title":"11 # Le crit\u00e8re g\u00e9ographique fait \u00e0 nouveau parler de lui, cette fois dans une proposition de loi ! - AWSolutions","robots":{"index":"index","follow":"follow","max-snippet":"max-snippet:-1","max-image-preview":"max-image-preview:large","max-video-preview":"max-video-preview:-1"},"canonical":"https:\/\/awsolutions.fr\/blog\/11-le-critere-geographique-fait-a-nouveau-parler-de-lui-cette-fois-dans-une-proposition-de-loi\/","og_locale":"fr_FR","og_type":"article","og_title":"11 # Le crit\u00e8re g\u00e9ographique fait \u00e0 nouveau parler de lui, cette fois dans une proposition de loi ! - AWSolutions","og_url":"https:\/\/awsolutions.fr\/blog\/11-le-critere-geographique-fait-a-nouveau-parler-de-lui-cette-fois-dans-une-proposition-de-loi\/","og_site_name":"AWSolutions","article_published_time":"2020-07-17T10:11:30+00:00","article_modified_time":"2020-12-11T08:46:35+00:00","og_image":[{"width":663,"height":328,"url":"https:\/\/awsolutions.fr\/blog\/wp-content\/uploads\/2020\/09\/critere-geographique.jpg","type":"image\/jpeg"}],"author":"S\u00e9l\u00e9n\u00e9e","twitter_card":"summary_large_image","twitter_misc":{"\u00c9crit par":"S\u00e9l\u00e9n\u00e9e","Dur\u00e9e de lecture estim\u00e9e":"6 minutes"},"schema":{"@context":"https:\/\/schema.org","@graph":[{"@type":"WebPage","@id":"https:\/\/awsolutions.fr\/blog\/11-le-critere-geographique-fait-a-nouveau-parler-de-lui-cette-fois-dans-une-proposition-de-loi\/","url":"https:\/\/awsolutions.fr\/blog\/11-le-critere-geographique-fait-a-nouveau-parler-de-lui-cette-fois-dans-une-proposition-de-loi\/","name":"11 # Le crit\u00e8re g\u00e9ographique fait \u00e0 nouveau parler de lui, cette fois dans une proposition de loi ! - AWSolutions","isPartOf":{"@id":"https:\/\/awsolutions.fr\/blog\/#website"},"datePublished":"2020-07-17T10:11:30+00:00","dateModified":"2020-12-11T08:46:35+00:00","author":{"@id":"https:\/\/awsolutions.fr\/blog\/#\/schema\/person\/15982303183522db922f1c590d0238b9"},"breadcrumb":{"@id":"https:\/\/awsolutions.fr\/blog\/11-le-critere-geographique-fait-a-nouveau-parler-de-lui-cette-fois-dans-une-proposition-de-loi\/#breadcrumb"},"inLanguage":"fr-FR","potentialAction":[{"@type":"ReadAction","target":["https:\/\/awsolutions.fr\/blog\/11-le-critere-geographique-fait-a-nouveau-parler-de-lui-cette-fois-dans-une-proposition-de-loi\/"]}]},{"@type":"BreadcrumbList","@id":"https:\/\/awsolutions.fr\/blog\/11-le-critere-geographique-fait-a-nouveau-parler-de-lui-cette-fois-dans-une-proposition-de-loi\/#breadcrumb","itemListElement":[{"@type":"ListItem","position":1,"name":"Accueil","item":"https:\/\/awsolutions.fr\/blog\/"},{"@type":"ListItem","position":2,"name":"11 # Le crit\u00e8re g\u00e9ographique fait \u00e0 nouveau parler de lui, cette fois dans une proposition de loi !"}]},{"@type":"WebSite","@id":"https:\/\/awsolutions.fr\/blog\/#website","url":"https:\/\/awsolutions.fr\/blog\/","name":"AWSolutions","description":"","potentialAction":[{"@type":"SearchAction","target":{"@type":"EntryPoint","urlTemplate":"https:\/\/awsolutions.fr\/blog\/?s={search_term_string}"},"query-input":"required name=search_term_string"}],"inLanguage":"fr-FR"},{"@type":"Person","@id":"https:\/\/awsolutions.fr\/blog\/#\/schema\/person\/15982303183522db922f1c590d0238b9","name":"S\u00e9l\u00e9n\u00e9e","image":{"@type":"ImageObject","inLanguage":"fr-FR","@id":"https:\/\/awsolutions.fr\/blog\/#\/schema\/person\/image\/","url":"https:\/\/secure.gravatar.com\/avatar\/a529b3c3bed2c3695aa26d04e18f6a7f8569fcdffeaca4f3ba07f33d41847e23?s=96&d=mm&r=g","contentUrl":"https:\/\/secure.gravatar.com\/avatar\/a529b3c3bed2c3695aa26d04e18f6a7f8569fcdffeaca4f3ba07f33d41847e23?s=96&d=mm&r=g","caption":"S\u00e9l\u00e9n\u00e9e"},"url":"https:\/\/awsolutions.fr\/blog\/author\/selenee_admin_production\/"}]}},"_links":{"self":[{"href":"https:\/\/awsolutions.fr\/blog\/wp-json\/wp\/v2\/posts\/4750","targetHints":{"allow":["GET"]}}],"collection":[{"href":"https:\/\/awsolutions.fr\/blog\/wp-json\/wp\/v2\/posts"}],"about":[{"href":"https:\/\/awsolutions.fr\/blog\/wp-json\/wp\/v2\/types\/post"}],"author":[{"embeddable":true,"href":"https:\/\/awsolutions.fr\/blog\/wp-json\/wp\/v2\/users\/1"}],"replies":[{"embeddable":true,"href":"https:\/\/awsolutions.fr\/blog\/wp-json\/wp\/v2\/comments?post=4750"}],"version-history":[{"count":6,"href":"https:\/\/awsolutions.fr\/blog\/wp-json\/wp\/v2\/posts\/4750\/revisions"}],"predecessor-version":[{"id":5636,"href":"https:\/\/awsolutions.fr\/blog\/wp-json\/wp\/v2\/posts\/4750\/revisions\/5636"}],"wp:featuredmedia":[{"embeddable":true,"href":"https:\/\/awsolutions.fr\/blog\/wp-json\/wp\/v2\/media\/4754"}],"wp:attachment":[{"href":"https:\/\/awsolutions.fr\/blog\/wp-json\/wp\/v2\/media?parent=4750"}],"wp:term":[{"taxonomy":"category","embeddable":true,"href":"https:\/\/awsolutions.fr\/blog\/wp-json\/wp\/v2\/categories?post=4750"},{"taxonomy":"post_tag","embeddable":true,"href":"https:\/\/awsolutions.fr\/blog\/wp-json\/wp\/v2\/tags?post=4750"}],"curies":[{"name":"wp","href":"https:\/\/api.w.org\/{rel}","templated":true}]}}